{"id":8314,"date":"2026-08-23T10:13:59","date_gmt":"2026-08-23T09:13:59","guid":{"rendered":"https:\/\/www.prcomunistalivorno.it\/?p=8314"},"modified":"2026-08-23T10:13:59","modified_gmt":"2026-08-23T09:13:59","slug":"gli-attacchi-trasversali-al-suolo-e-al-verde-pubblico","status":"publish","type":"post","link":"https:\/\/www.prcomunistalivorno.it\/?p=8314","title":{"rendered":"GLI ATTACCHI TRASVERSALI AL SUOLO E AL VERDE PUBBLICO"},"content":{"rendered":"\n<p><br>Ci\u00f2 che sta accadendo nel Polmone Verde di Via Goito a Livorno \u00e8 la prova dell\u2019esistenza di un interesse trasversale, indipendente dalle sigle politiche di potere, che mira alla monetizzazione privata degli spazi verdi delle nostre citt\u00e0.<br>David Harvey, urbanista e geografo americano, la definisce \u201c<strong>accumulazione per espoliazione<\/strong>\u201c, cio\u00e8 quella pratica attraverso la quale il privato si appropria di spazi pubblici e collettivi per accumulare ricchezza.<br>Oggi questa tendenza assume caratteristiche ancora pi\u00f9 tragiche alla luce delle crisi climatiche nelle quali il ruolo del suolo libero non cementificato, dei polmoni verdi all\u2019interno di spazi urbanizzati, assumono valore essenziale e vitale. La battaglia portata avanti dal comitato \u201cPolmone Verde di via Goito\u201d non \u00e8 una lotta contro questa o quella sigla partitica ma una <strong>legittima opposizione ad un modello di citt\u00e0, un modello di societ\u00e0 che vede dalla stessa parte Centro sinistra e destra<\/strong>. Alla luce di tutto questo e alla luce del fatto che questa posizione del Partito Democratico, quella a favore della cementificazione e al consumo di suolo pubblico, non sia isolata in Toscana, gli annunci della Regione in merito ad una legge per \u201cliberare il suolo\u201d suonano pi\u00f9 come un <strong>tentativo di \u201cgreen-washing\u201d <\/strong>per ammorbidire quella \u201ccostola\u201d verde della giunta regionale che ha mostrato recentemente alcuni mal di pancia.<br>La segreteria Regionale del Partito della Rifondazione Comunista ritiene che la mobilitazione del Comitato debba avere tutto il supporto necessario per opporsi all\u2019ennesimo tentativo di \u201cespropriazione\u201d di beni collettivi: gli orti urbani rappresentano uno spazio, prima degradato, restituito alla collettivit\u00e0, un esempio di riappropriazione cittadina contro la cementificazione e la speculazione edilizia.<br><strong>Invitiamo pertanto la cittadinanza a partecipare al corteo, promosso dal comitato, del 5 settembre prossimo che partir\u00e0 da Via Goito.<\/strong><\/p>\n\n\n\n<p>Segreteria Regionale del Partito della Rifondazione Comunista<\/p>\n\n\n\n<figure class=\"wp-block-image size-large\"><a href=\"https:\/\/www.prcomunistalivorno.it\/wp-content\/uploads\/2026\/08\/5_sttembre_via_goito.jpg\"><img loading=\"lazy\" decoding=\"async\" width=\"724\" height=\"1024\" src=\"https:\/\/www.prcomunistalivorno.it\/wp-content\/uploads\/2026\/08\/5_sttembre_via_goito-724x1024.jpg\" alt=\"\" class=\"wp-image-8315\" srcset=\"https:\/\/www.prcomunistalivorno.it\/wp-content\/uploads\/2026\/08\/5_sttembre_via_goito-724x1024.jpg 724w, https:\/\/www.prcomunistalivorno.it\/wp-content\/uploads\/2026\/08\/5_sttembre_via_goito-212x300.jpg 212w, https:\/\/www.prcomunistalivorno.it\/wp-content\/uploads\/2026\/08\/5_sttembre_via_goito-768x1087.jpg 768w, https:\/\/www.prcomunistalivorno.it\/wp-content\/uploads\/2026\/08\/5_sttembre_via_goito-1086x1536.jpg 1086w, https:\/\/www.prcomunistalivorno.it\/wp-content\/uploads\/2026\/08\/5_sttembre_via_goito.jpg 1290w\" sizes=\"auto, (max-width: 724px) 100vw, 724px\" \/><\/a><figcaption class=\"wp-element-caption\">Screenshot<\/figcaption><\/figure>\n\n\n\n<p><\/p>\n","protected":false},"excerpt":{"rendered":"<p>Ci\u00f2 che sta accadendo nel Polmone Verde di Via Goito a Livorno \u00e8 la prova dell\u2019esistenza di un interesse trasversale, indipendente dalle sigle politiche di potere, che mira alla monetizzazione privata degli spazi verdi delle nostre citt\u00e0.David Harvey, urbanista e geografo americano, la definisce \u201caccumulazione per espoliazione\u201c, cio\u00e8 quella pratica attraverso la quale il privato &hellip; <\/p>\n<p class=\"link-more\"><a href=\"https:\/\/www.prcomunistalivorno.it\/?p=8314\" class=\"more-link\">Leggi tutto<span class=\"screen-reader-text\"> &#8220;GLI ATTACCHI TRASVERSALI AL SUOLO E AL VERDE PUBBLICO&#8221;<\/span><\/a><\/p>\n","protected":false},"author":1,"featured_media":0,"comment_status":"open","ping_status":"open","sticky":false,"template":"","format":"standard","meta":{"footnotes":""},"categories":[1],"tags":[],"class_list":["post-8314","post","type-post","status-publish","format-standard","hentry","category-senza-categoria"],"_links":{"self":[{"href":"https:\/\/www.prcomunistalivorno.it\/index.php?rest_route=\/wp\/v2\/posts\/8314","targetHints":{"allow":["GET"]}}],"collection":[{"href":"https:\/\/www.prcomunistalivorno.it\/index.php?rest_route=\/wp\/v2\/posts"}],"about":[{"href":"https:\/\/www.prcomunistalivorno.it\/index.php?rest_route=\/wp\/v2\/types\/post"}],"author":[{"embeddable":true,"href":"https:\/\/www.prcomunistalivorno.it\/index.php?rest_route=\/wp\/v2\/users\/1"}],"replies":[{"embeddable":true,"href":"https:\/\/www.prcomunistalivorno.it\/index.php?rest_route=%2Fwp%2Fv2%2Fcomments&post=8314"}],"version-history":[{"count":1,"href":"https:\/\/www.prcomunistalivorno.it\/index.php?rest_route=\/wp\/v2\/posts\/8314\/revisions"}],"predecessor-version":[{"id":8316,"href":"https:\/\/www.prcomunistalivorno.it\/index.php?rest_route=\/wp\/v2\/posts\/8314\/revisions\/8316"}],"wp:attachment":[{"href":"https:\/\/www.prcomunistalivorno.it\/index.php?rest_route=%2Fwp%2Fv2%2Fmedia&parent=8314"}],"wp:term":[{"taxonomy":"category","embeddable":true,"href":"https:\/\/www.prcomunistalivorno.it\/index.php?rest_route=%2Fwp%2Fv2%2Fcategories&post=8314"},{"taxonomy":"post_tag","embeddable":true,"href":"https:\/\/www.prcomunistalivorno.it\/index.php?rest_route=%2Fwp%2Fv2%2Ftags&post=8314"}],"curies":[{"name":"wp","href":"https:\/\/api.w.org\/{rel}","templated":true}]}}